{"id":109,"date":"2021-04-11T17:11:05","date_gmt":"2021-04-11T16:11:05","guid":{"rendered":"http:\/\/projekt-augenzeugen.de\/?p=109"},"modified":"2021-04-11T17:30:18","modified_gmt":"2021-04-11T16:30:18","slug":"interview-hanna-winter","status":"publish","type":"post","link":"http:\/\/projekt-augenzeugen.de\/?p=109","title":{"rendered":"Interview: Hanna Winter"},"content":{"rendered":"\n<p>Hanna Winter spricht \u00fcber das Leben in Sibbesse von der Zeit des 2. Weltkrieges bis heute. <\/p>\n\n\n\n<p>Teil 1:<\/p>\n\n\n\n<figure class=\"wp-block-audio\"><audio controls src=\"http:\/\/projekt-augenzeugen.de\/wp-content\/uploads\/2021\/04\/002_Ulla_Winter-fertig-68min-Teil1.mp3\"><\/audio><\/figure>\n\n\n\n<p>Teil 2:<\/p>\n\n\n\n<figure class=\"wp-block-audio\"><audio controls src=\"http:\/\/projekt-augenzeugen.de\/wp-content\/uploads\/2021\/04\/002_Ulla_Winter-fertig-68min-Teil2-1.mp3\"><\/audio><\/figure>\n\n\n\n<p>Stra\u00dfennamen, Sibbesse, Landwirtschaft, Hauswirtschaft, Gartenbau, Gastst\u00e4tte, Felsenkeller, Backen<\/p>\n","protected":false},"excerpt":{"rendered":"<p>Hanna Winter spricht \u00fcber das Leben in Sibbesse von der Zeit des 2. Weltkrieges bis heute. Teil 1: Teil 2: Stra\u00dfennamen, Sibbesse, Landwirtschaft, Hauswirtschaft, Gartenbau, Gastst\u00e4tte, Felsenkeller, Backen<\/p>\n","protected":false},"author":1,"featured_media":0,"comment_status":"open","ping_status":"closed","sticky":false,"template":"","format":"standard","meta":{"footnotes":""},"categories":[18],"tags":[84,83,82,81,79,27,80,21,78],"class_list":["post-109","post","type-post","status-publish","format-standard","hentry","category-interview","tag-backen","tag-felsenkeller","tag-gartenbau","tag-gaststaette","tag-hauswirtschaft","tag-interview","tag-landwirtschaft","tag-sibbesse","tag-strassennamen"],"jetpack_featured_media_url":"","_links":{"self":[{"href":"http:\/\/projekt-augenzeugen.de\/index.php?rest_route=\/wp\/v2\/posts\/109","targetHints":{"allow":["GET"]}}],"collection":[{"href":"http:\/\/projekt-augenzeugen.de\/index.php?rest_route=\/wp\/v2\/posts"}],"about":[{"href":"http:\/\/projekt-augenzeugen.de\/index.php?rest_route=\/wp\/v2\/types\/post"}],"author":[{"embeddable":true,"href":"http:\/\/projekt-augenzeugen.de\/index.php?rest_route=\/wp\/v2\/users\/1"}],"replies":[{"embeddable":true,"href":"http:\/\/projekt-augenzeugen.de\/index.php?rest_route=%2Fwp%2Fv2%2Fcomments&post=109"}],"version-history":[{"count":4,"href":"http:\/\/projekt-augenzeugen.de\/index.php?rest_route=\/wp\/v2\/posts\/109\/revisions"}],"predecessor-version":[{"id":126,"href":"http:\/\/projekt-augenzeugen.de\/index.php?rest_route=\/wp\/v2\/posts\/109\/revisions\/126"}],"wp:attachment":[{"href":"http:\/\/projekt-augenzeugen.de\/index.php?rest_route=%2Fwp%2Fv2%2Fmedia&parent=109"}],"wp:term":[{"taxonomy":"category","embeddable":true,"href":"http:\/\/projekt-augenzeugen.de\/index.php?rest_route=%2Fwp%2Fv2%2Fcategories&post=109"},{"taxonomy":"post_tag","embeddable":true,"href":"http:\/\/projekt-augenzeugen.de\/index.php?rest_route=%2Fwp%2Fv2%2Ftags&post=109"}],"curies":[{"name":"wp","href":"https:\/\/api.w.org\/{rel}","templated":true}]}}