{"id":54,"date":"2020-02-03T12:55:38","date_gmt":"2020-02-03T11:55:38","guid":{"rendered":"http:\/\/projekt-augenzeugen.de\/?p=54"},"modified":"2020-02-23T19:42:54","modified_gmt":"2020-02-23T18:42:54","slug":"projektauftakt-pressemitteilung","status":"publish","type":"post","link":"http:\/\/projekt-augenzeugen.de\/?p=54","title":{"rendered":"Projektauftakt (Pressemitteilung)"},"content":{"rendered":"\n<p> Am Sonntag, den 16.2.2020 um 15.00 Uhr beginnt die Auftaktveranstaltung  des Interviewprojektes \u201eAugenzeugen\u201c in der Friedrich-Busse-Schule in  Sibbesse. \u201eWir wollen die Menschen ins Gespr\u00e4ch bringen, suchen nach  Leuten, die etwas erz\u00e4hlen wollen oder neugierig sind und etwas  herausfinden wollen\u201c, sagt Sabine Hartmann.<\/p>\n\n\n\n<p> Neben Live-Interviews k\u00f6nnen auch die Gespr\u00e4che angeh\u00f6rt werden, die  bereits mit B\u00fcrgern aus der Gemeinde Sibbesse gef\u00fchrt wurden.<\/p>\n\n\n\n<p> Wer sich daf\u00fcr interessiert, kann vor Ort die Ger\u00e4te ausprobieren, die  f\u00fcrs Aufnehmen der Interviews verwendet werden. \u201eDie Aufnahmeger\u00e4te sind  sehr einfach zu bedienen\u201c, sagt Andres Stucke vom Technikteam, der gern  bei den Interviews helfen wird.<\/p>\n\n\n\n<p> Die Bundezentrale f\u00fcr politische Bildung f\u00f6rdert das Projekt unter dem  Titel \u201emiteinander reden\u201c. Dabei liegt ein Schwerpunkt auf der  Nachhaltigkeit, also dass die Gespr\u00e4che, die gef\u00fchrt wurden, f\u00fcr  m\u00f6glichst viele verf\u00fcgbar sind. Deshalb werden sie demn\u00e4chst im Internet  zur Verf\u00fcgung stehen.<\/p>\n\n\n\n<p> \u201eBei der Auftaktveranstaltung wollen wir bei Kaffee und Kuchen schon mal  ins Gespr\u00e4ch kommen, Ideen sammeln und wenn m\u00f6glich, die ersten  Interviewpaare bilden\u201c, sagt Elfi Bindemann, die bereits interviewt  wurde und auch zum Team Augenzeugen geh\u00f6rt.<\/p>\n\n\n\n<p> Weitere Informationen gibt es im Netz unter: <a href=\"http:\/\/www.projekt-augenzeugen.de\">http:\/\/www.projekt-augenzeugen.de<\/a>. <br><\/p>\n\n\n\n<figure class=\"wp-block-image size-large\"><img loading=\"lazy\" decoding=\"async\" width=\"1024\" height=\"683\" src=\"http:\/\/projekt-augenzeugen.de\/wp-content\/uploads\/2020\/02\/Vorbereitungen-1024x683.jpg\" alt=\"\" class=\"wp-image-58\" srcset=\"http:\/\/projekt-augenzeugen.de\/wp-content\/uploads\/2020\/02\/Vorbereitungen-1024x683.jpg 1024w, http:\/\/projekt-augenzeugen.de\/wp-content\/uploads\/2020\/02\/Vorbereitungen-300x200.jpg 300w, http:\/\/projekt-augenzeugen.de\/wp-content\/uploads\/2020\/02\/Vorbereitungen-768x512.jpg 768w, http:\/\/projekt-augenzeugen.de\/wp-content\/uploads\/2020\/02\/Vorbereitungen-1536x1024.jpg 1536w, http:\/\/projekt-augenzeugen.de\/wp-content\/uploads\/2020\/02\/Vorbereitungen-2048x1365.jpg 2048w, http:\/\/projekt-augenzeugen.de\/wp-content\/uploads\/2020\/02\/Vorbereitungen-772x515.jpg 772w, http:\/\/projekt-augenzeugen.de\/wp-content\/uploads\/2020\/02\/Vorbereitungen-1230x820.jpg 1230w, http:\/\/projekt-augenzeugen.de\/wp-content\/uploads\/2020\/02\/Vorbereitungen-288x192.jpg 288w\" sizes=\"auto, (max-width: 1024px) 100vw, 1024px\" \/><figcaption>Katharina Stucke, Sabine Hartmann und Suntje Sander bereiten das Auftakttreffen vor.  <\/figcaption><\/figure>\n\n\n\n<p><em>Foto: Stefan Hartmann<\/em><\/p>\n","protected":false},"excerpt":{"rendered":"<p>Am Sonntag, den 16.2.2020 um 15.00 Uhr beginnt die Auftaktveranstaltung des Interviewprojektes \u201eAugenzeugen\u201c in der Friedrich-Busse-Schule in Sibbesse. \u201eWir wollen die Menschen ins Gespr\u00e4ch bringen, suchen nach Leuten, die etwas erz\u00e4hlen wollen oder neugierig sind und etwas herausfinden wollen\u201c, sagt Sabine Hartmann. Neben Live-Interviews k\u00f6nnen auch die Gespr\u00e4che angeh\u00f6rt werden, die bereits mit B\u00fcrgern aus &hellip; <a href=\"http:\/\/projekt-augenzeugen.de\/?p=54\" class=\"more-link\"><span class=\"screen-reader-text\">Projektauftakt (Pressemitteilung)<\/span> weiterlesen<\/a><\/p>\n","protected":false},"author":1,"featured_media":0,"comment_status":"open","ping_status":"closed","sticky":false,"template":"","format":"standard","meta":{"footnotes":""},"categories":[3],"tags":[9,6,7,8,5,4],"class_list":["post-54","post","type-post","status-publish","format-standard","hentry","category-veranstaltungen","tag-auftakt","tag-augenzeugen","tag-inteview","tag-projekt","tag-termin","tag-veranstaltung"],"jetpack_featured_media_url":"","_links":{"self":[{"href":"http:\/\/projekt-augenzeugen.de\/index.php?rest_route=\/wp\/v2\/posts\/54","targetHints":{"allow":["GET"]}}],"collection":[{"href":"http:\/\/projekt-augenzeugen.de\/index.php?rest_route=\/wp\/v2\/posts"}],"about":[{"href":"http:\/\/projekt-augenzeugen.de\/index.php?rest_route=\/wp\/v2\/types\/post"}],"author":[{"embeddable":true,"href":"http:\/\/projekt-augenzeugen.de\/index.php?rest_route=\/wp\/v2\/users\/1"}],"replies":[{"embeddable":true,"href":"http:\/\/projekt-augenzeugen.de\/index.php?rest_route=%2Fwp%2Fv2%2Fcomments&post=54"}],"version-history":[{"count":4,"href":"http:\/\/projekt-augenzeugen.de\/index.php?rest_route=\/wp\/v2\/posts\/54\/revisions"}],"predecessor-version":[{"id":73,"href":"http:\/\/projekt-augenzeugen.de\/index.php?rest_route=\/wp\/v2\/posts\/54\/revisions\/73"}],"wp:attachment":[{"href":"http:\/\/projekt-augenzeugen.de\/index.php?rest_route=%2Fwp%2Fv2%2Fmedia&parent=54"}],"wp:term":[{"taxonomy":"category","embeddable":true,"href":"http:\/\/projekt-augenzeugen.de\/index.php?rest_route=%2Fwp%2Fv2%2Fcategories&post=54"},{"taxonomy":"post_tag","embeddable":true,"href":"http:\/\/projekt-augenzeugen.de\/index.php?rest_route=%2Fwp%2Fv2%2Ftags&post=54"}],"curies":[{"name":"wp","href":"https:\/\/api.w.org\/{rel}","templated":true}]}}