{"id":61,"date":"2020-02-23T19:38:30","date_gmt":"2020-02-23T18:38:30","guid":{"rendered":"http:\/\/projekt-augenzeugen.de\/?p=61"},"modified":"2020-02-23T19:38:30","modified_gmt":"2020-02-23T18:38:30","slug":"auftaktveranstaltung-bericht","status":"publish","type":"post","link":"http:\/\/projekt-augenzeugen.de\/?p=61","title":{"rendered":"Auftaktveranstaltung (Bericht)"},"content":{"rendered":"\n<h2 class=\"wp-block-heading\">Die ersten Augenzeugen wurden interviewt<\/h2>\n\n\n\n<p>Gespannt lauschten die Besucher in der Sibbesser\nFriedrich-Busse-Schule den Interviews mit den ersten Augenzeugen. Sie erz\u00e4hlten\naus ihrem Leben und Geschichten, die sich rund um Sibbesse abgespielt haben.<\/p>\n\n\n\n<figure class=\"wp-block-gallery columns-3 is-cropped wp-block-gallery-1 is-layout-flex wp-block-gallery-is-layout-flex\"><ul class=\"blocks-gallery-grid\"><li class=\"blocks-gallery-item\"><figure><img loading=\"lazy\" decoding=\"async\" width=\"683\" height=\"1024\" src=\"http:\/\/projekt-augenzeugen.de\/wp-content\/uploads\/2020\/02\/H\u00f6rbox-683x1024.jpg\" alt=\"\" data-id=\"63\" class=\"wp-image-63\" srcset=\"http:\/\/projekt-augenzeugen.de\/wp-content\/uploads\/2020\/02\/H\u00f6rbox-683x1024.jpg 683w, http:\/\/projekt-augenzeugen.de\/wp-content\/uploads\/2020\/02\/H\u00f6rbox-200x300.jpg 200w, http:\/\/projekt-augenzeugen.de\/wp-content\/uploads\/2020\/02\/H\u00f6rbox-768x1152.jpg 768w, http:\/\/projekt-augenzeugen.de\/wp-content\/uploads\/2020\/02\/H\u00f6rbox-1024x1536.jpg 1024w, http:\/\/projekt-augenzeugen.de\/wp-content\/uploads\/2020\/02\/H\u00f6rbox-1365x2048.jpg 1365w, http:\/\/projekt-augenzeugen.de\/wp-content\/uploads\/2020\/02\/H\u00f6rbox-772x1158.jpg 772w, http:\/\/projekt-augenzeugen.de\/wp-content\/uploads\/2020\/02\/H\u00f6rbox-820x1230.jpg 820w, http:\/\/projekt-augenzeugen.de\/wp-content\/uploads\/2020\/02\/H\u00f6rbox-128x192.jpg 128w, http:\/\/projekt-augenzeugen.de\/wp-content\/uploads\/2020\/02\/H\u00f6rbox-scaled.jpg 1707w\" sizes=\"auto, (max-width: 683px) 100vw, 683px\" \/><figcaption class=\"blocks-gallery-item__caption\"> Frank Struckmeier und Suntje Sander lauschen dem Interview mit Hanna Winter in der ersten H\u00f6rbox des Projekts. <\/figcaption><\/figure><\/li><li class=\"blocks-gallery-item\"><figure><img loading=\"lazy\" decoding=\"async\" width=\"1024\" height=\"683\" src=\"http:\/\/projekt-augenzeugen.de\/wp-content\/uploads\/2020\/02\/Moderation-2-1024x683.jpg\" alt=\"\" data-id=\"68\" data-full-url=\"http:\/\/projekt-augenzeugen.de\/wp-content\/uploads\/2020\/02\/Moderation-2-scaled.jpg\" data-link=\"http:\/\/projekt-augenzeugen.de\/?attachment_id=68\" class=\"wp-image-68\" srcset=\"http:\/\/projekt-augenzeugen.de\/wp-content\/uploads\/2020\/02\/Moderation-2-1024x683.jpg 1024w, http:\/\/projekt-augenzeugen.de\/wp-content\/uploads\/2020\/02\/Moderation-2-300x200.jpg 300w, http:\/\/projekt-augenzeugen.de\/wp-content\/uploads\/2020\/02\/Moderation-2-768x512.jpg 768w, http:\/\/projekt-augenzeugen.de\/wp-content\/uploads\/2020\/02\/Moderation-2-1536x1024.jpg 1536w, http:\/\/projekt-augenzeugen.de\/wp-content\/uploads\/2020\/02\/Moderation-2-2048x1365.jpg 2048w, http:\/\/projekt-augenzeugen.de\/wp-content\/uploads\/2020\/02\/Moderation-2-772x515.jpg 772w, http:\/\/projekt-augenzeugen.de\/wp-content\/uploads\/2020\/02\/Moderation-2-1230x820.jpg 1230w, http:\/\/projekt-augenzeugen.de\/wp-content\/uploads\/2020\/02\/Moderation-2-288x192.jpg 288w\" sizes=\"auto, (max-width: 1024px) 100vw, 1024px\" \/><figcaption class=\"blocks-gallery-item__caption\"> Katharina Stucke und Andreas Hartmann f\u00fchren durch das Programm der Auftaktveranstaltung. <\/figcaption><\/figure><\/li><li class=\"blocks-gallery-item\"><figure><img loading=\"lazy\" decoding=\"async\" width=\"1024\" height=\"683\" src=\"http:\/\/projekt-augenzeugen.de\/wp-content\/uploads\/2020\/02\/Publikum-1024x683.jpg\" alt=\"\" data-id=\"66\" data-link=\"http:\/\/projekt-augenzeugen.de\/?attachment_id=66\" class=\"wp-image-66\" srcset=\"http:\/\/projekt-augenzeugen.de\/wp-content\/uploads\/2020\/02\/Publikum-1024x683.jpg 1024w, http:\/\/projekt-augenzeugen.de\/wp-content\/uploads\/2020\/02\/Publikum-300x200.jpg 300w, http:\/\/projekt-augenzeugen.de\/wp-content\/uploads\/2020\/02\/Publikum-768x512.jpg 768w, http:\/\/projekt-augenzeugen.de\/wp-content\/uploads\/2020\/02\/Publikum-1536x1024.jpg 1536w, http:\/\/projekt-augenzeugen.de\/wp-content\/uploads\/2020\/02\/Publikum-2048x1365.jpg 2048w, http:\/\/projekt-augenzeugen.de\/wp-content\/uploads\/2020\/02\/Publikum-772x515.jpg 772w, http:\/\/projekt-augenzeugen.de\/wp-content\/uploads\/2020\/02\/Publikum-1230x820.jpg 1230w, http:\/\/projekt-augenzeugen.de\/wp-content\/uploads\/2020\/02\/Publikum-288x192.jpg 288w\" sizes=\"auto, (max-width: 1024px) 100vw, 1024px\" \/><figcaption class=\"blocks-gallery-item__caption\">Das Publikum diskutiert angeregt.<\/figcaption><\/figure><\/li><\/ul><\/figure>\n\n\n\n<p>Doch zuerst pr\u00e4sentierten Katharina Stucke und Andreas Hartmann das Team, das sich um das Projekt k\u00fcmmert.<\/p>\n\n\n\n<p>Auf die Fragen zu ihren allerersten Erinnerungen, was ihnen an der Gemeinde Sibbesse ganz besonders gef\u00e4llt, und was ihnen fehlen w\u00fcrde, wenn sie von hier wegziehen m\u00fcssten, gaben alle Befragten unterschiedliche Antworten.<\/p>\n\n\n\n<p>Das zeigte deutlich, dass Interviews mit verschiedenen\nMenschen zu ein und demselben Thema unterschiedliche Geschichten hervorbringen\nk\u00f6nnen. <\/p>\n\n\n\n<p>Als Martin Hartmann von der sch\u00f6nen Gegend sprach, nickten\nviele Besucher im Publikum.<\/p>\n\n\n\n<p>Nach dem Vorstellungsinterview versammelten sich die\nBesucher an mehreren Tischen, um sich kennenzulernen und sich auszutauschen.\nFalls sie keine Idee hatten, wor\u00fcber sie sprechen konnten, standen Schalen mit\nPapierstreifen darin auf den Tischen, die verschiedenste Fragestellungen\nanboten.<\/p>\n\n\n\n<p>Sofort begann ein reger Austausch zu ganz unterschiedlichen\nThemen. W\u00e4hrend an einem Tisch das gr\u00e4fliche Wrisbergholzen im Mittelpunkt\nstand, sprachen andere \u00fcber den Nahverkehr, die Einkaufssituation oder\nzuk\u00fcnftige Entwicklungen. Andreas Hartmann fasste die vielf\u00e4ltigen Themen\nzusammen, bevor es an die Technik ging.<\/p>\n\n\n\n<p>Die Zuschauer sollten ermutigt werden, eigene Interviews zu\nf\u00fchren. Dass das ganz einfach m\u00f6glich ist, zeigte die Sequenz, in der Sabine\nHartmann Harald Schwickert und Harald Strube zur Arbeitsgemeinschaft historische\nEisenbahn e.V. interviewte. Andres Stucke wies darauf hin, dass auf Wunsch\nimmer jemand vom Technikteam zum Gespr\u00e4chstermin mitgehen kann.<\/p>\n\n\n\n<p>Nat\u00fcrlich gehen solche Gespr\u00e4che nicht ohne R\u00e4uspern,\nPapierrascheln, Versprecher oder andere St\u00f6rger\u00e4usche \u00fcber die B\u00fchne. Deshalb\nwerden alle Aufnahmen \u00fcberarbeitet. Ausz\u00fcge aus dem Interview mit der\nK\u00fcnstlerin Elfi Bindemann belegten das.<\/p>\n\n\n\n<p>An der ersten H\u00f6rbox konnten die Besucher schon einmal in fertige Interviews hineinh\u00f6ren. Die H\u00f6rboxen sollen z.B. in Gemeinschaftseinrichtungen in allen Orten der Gemeinde Sibbesse aufgestellt werden. Au\u00dferdem werden die fertigen Interviews zum Anh\u00f6ren \u00fcber die Homepage des Projektes und der Gemeinde zur Verf\u00fcgung gestellt.<\/p>\n\n\n\n<p>Alle B\u00fcrger sind aufgerufen, Menschen vorzuschlagen, die unbedingt befragt werden sollen, und sich selbst zu melden, wenn sie ein Interview f\u00fchren wollen oder selbst etwas erz\u00e4hlen m\u00f6chten. Dazu melden sie sich bei Martin und Sabine Hartmann: 05065 1781, oder per Email an: <a href=\"mailto:kontakt@projekt-augenzeugen.de\">kontakt@projekt-augenzeugen.de<\/a><\/p>\n\n\n\n<p><em>Fotos: Andres Stucke<\/em><\/p>\n","protected":false},"excerpt":{"rendered":"<p>Die ersten Augenzeugen wurden interviewt Gespannt lauschten die Besucher in der Sibbesser Friedrich-Busse-Schule den Interviews mit den ersten Augenzeugen. Sie erz\u00e4hlten aus ihrem Leben und Geschichten, die sich rund um Sibbesse abgespielt haben. Doch zuerst pr\u00e4sentierten Katharina Stucke und Andreas Hartmann das Team, das sich um das Projekt k\u00fcmmert. Auf die Fragen zu ihren allerersten &hellip; <a href=\"http:\/\/projekt-augenzeugen.de\/?p=61\" class=\"more-link\"><span class=\"screen-reader-text\">Auftaktveranstaltung (Bericht)<\/span> weiterlesen<\/a><\/p>\n","protected":false},"author":1,"featured_media":0,"comment_status":"open","ping_status":"closed","sticky":false,"template":"","format":"standard","meta":{"footnotes":""},"categories":[3],"tags":[9,6,10,8],"class_list":["post-61","post","type-post","status-publish","format-standard","hentry","category-veranstaltungen","tag-auftakt","tag-augenzeugen","tag-bericht","tag-projekt"],"jetpack_featured_media_url":"","_links":{"self":[{"href":"http:\/\/projekt-augenzeugen.de\/index.php?rest_route=\/wp\/v2\/posts\/61","targetHints":{"allow":["GET"]}}],"collection":[{"href":"http:\/\/projekt-augenzeugen.de\/index.php?rest_route=\/wp\/v2\/posts"}],"about":[{"href":"http:\/\/projekt-augenzeugen.de\/index.php?rest_route=\/wp\/v2\/types\/post"}],"author":[{"embeddable":true,"href":"http:\/\/projekt-augenzeugen.de\/index.php?rest_route=\/wp\/v2\/users\/1"}],"replies":[{"embeddable":true,"href":"http:\/\/projekt-augenzeugen.de\/index.php?rest_route=%2Fwp%2Fv2%2Fcomments&post=61"}],"version-history":[{"count":3,"href":"http:\/\/projekt-augenzeugen.de\/index.php?rest_route=\/wp\/v2\/posts\/61\/revisions"}],"predecessor-version":[{"id":69,"href":"http:\/\/projekt-augenzeugen.de\/index.php?rest_route=\/wp\/v2\/posts\/61\/revisions\/69"}],"wp:attachment":[{"href":"http:\/\/projekt-augenzeugen.de\/index.php?rest_route=%2Fwp%2Fv2%2Fmedia&parent=61"}],"wp:term":[{"taxonomy":"category","embeddable":true,"href":"http:\/\/projekt-augenzeugen.de\/index.php?rest_route=%2Fwp%2Fv2%2Fcategories&post=61"},{"taxonomy":"post_tag","embeddable":true,"href":"http:\/\/projekt-augenzeugen.de\/index.php?rest_route=%2Fwp%2Fv2%2Ftags&post=61"}],"curies":[{"name":"wp","href":"https:\/\/api.w.org\/{rel}","templated":true}]}}