{"id":75,"date":"2020-05-30T18:44:52","date_gmt":"2020-05-30T17:44:52","guid":{"rendered":"http:\/\/projekt-augenzeugen.de\/?p=75"},"modified":"2020-05-30T18:44:52","modified_gmt":"2020-05-30T17:44:52","slug":"statusbericht-fruehjahr-2020","status":"publish","type":"post","link":"http:\/\/projekt-augenzeugen.de\/?p=75","title":{"rendered":"Statusbericht Fr\u00fchjahr 2020"},"content":{"rendered":"\n<p>Leider ist nat\u00fcrlich auch unser Projekt stark durch die Corona-Pandemie eingeschr\u00e4nkt. Ein pers\u00f6nliches Zusammentreffen, wie es im Kern unseres Projektes steht, ist momentan selbstverst\u00e4ndlich nicht m\u00f6glich. <\/p>\n\n\n\n<p>Dennoch gibt es einige erfreuliche Dinge zu berichten. Gl\u00fccklicherweise haben einige Projektteilnehmer schon vor beginn der aktuellen Situation einige Interviews aufgenommen. Diese wurden in der Zwischenzeit von unserem Technikteam bearbeitet und f\u00fcr die Ver\u00f6ffentlichung vorbereitet. Die Interviews sollten in den n\u00e4chsten Tagen oder Wochen hier bereitgestellt werden!<\/p>\n\n\n\n<p>Im M\u00e4rz (also kurz bevor es in Deutschland zu dern ersten Einschr\u00e4nkungen kam), waren verschiedene Kulturschaffende aus Sibbesse am &#8222;<a href=\"https:\/\/hi2025.de\/forschungsreise-in-die-region-province-lab\/\">Province Lab<\/a>&#8220; des Projektb\u00fcros <a href=\"https:\/\/hi2025.de\/\">HI2025<\/a> beteiligt. Nat\u00fcrlich war auch das Projekt Augenzeugen dabei. Der litauische Philosoph Viktoras Bachmetjevas um \u00fcber Kulturarbeit im l\u00e4ndlichen Raum zu diskutieren. Jetzt hat das Projektb\u00fcro dazu einen R\u00fcckblick in Form eines Podcasts ver\u00f6ffentlicht. Der kann hier geh\u00f6rt werden: <a href=\"https:\/\/hi2025.de\/die-dna-europas-in-sibbesse-suchen\/\">Link<\/a>. <\/p>\n\n\n\n<p>Selbstverst\u00e4ndlich haben wir  mit Viktoras auch ein Interviews f\u00fcr das Projekt Augenzeugen aufgenommen. Auch das wird gerade f\u00fcr die Ver\u00f6ffentlichung vorbereitet.<\/p>\n\n\n\n<p>Bleiben Sie gesund!<\/p>\n\n\n\n<p>Ihr Team vom Projekt Augenzeugen<\/p>\n","protected":false},"excerpt":{"rendered":"<p>Leider ist nat\u00fcrlich auch unser Projekt stark durch die Corona-Pandemie eingeschr\u00e4nkt. Ein pers\u00f6nliches Zusammentreffen, wie es im Kern unseres Projektes steht, ist momentan selbstverst\u00e4ndlich nicht m\u00f6glich. Dennoch gibt es einige erfreuliche Dinge zu berichten. Gl\u00fccklicherweise haben einige Projektteilnehmer schon vor beginn der aktuellen Situation einige Interviews aufgenommen. Diese wurden in der Zwischenzeit von unserem Technikteam &hellip; <a href=\"http:\/\/projekt-augenzeugen.de\/?p=75\" class=\"more-link\"><span class=\"screen-reader-text\">Statusbericht Fr\u00fchjahr 2020<\/span> weiterlesen<\/a><\/p>\n","protected":false},"author":1,"featured_media":0,"comment_status":"open","ping_status":"closed","sticky":false,"template":"","format":"standard","meta":{"footnotes":""},"categories":[11],"tags":[12,14,16,13,17,15],"class_list":["post-75","post","type-post","status-publish","format-standard","hentry","category-sonstige","tag-corona","tag-hildesheim","tag-podcast","tag-province-lab","tag-update","tag-viktoras"],"jetpack_featured_media_url":"","_links":{"self":[{"href":"http:\/\/projekt-augenzeugen.de\/index.php?rest_route=\/wp\/v2\/posts\/75","targetHints":{"allow":["GET"]}}],"collection":[{"href":"http:\/\/projekt-augenzeugen.de\/index.php?rest_route=\/wp\/v2\/posts"}],"about":[{"href":"http:\/\/projekt-augenzeugen.de\/index.php?rest_route=\/wp\/v2\/types\/post"}],"author":[{"embeddable":true,"href":"http:\/\/projekt-augenzeugen.de\/index.php?rest_route=\/wp\/v2\/users\/1"}],"replies":[{"embeddable":true,"href":"http:\/\/projekt-augenzeugen.de\/index.php?rest_route=%2Fwp%2Fv2%2Fcomments&post=75"}],"version-history":[{"count":1,"href":"http:\/\/projekt-augenzeugen.de\/index.php?rest_route=\/wp\/v2\/posts\/75\/revisions"}],"predecessor-version":[{"id":76,"href":"http:\/\/projekt-augenzeugen.de\/index.php?rest_route=\/wp\/v2\/posts\/75\/revisions\/76"}],"wp:attachment":[{"href":"http:\/\/projekt-augenzeugen.de\/index.php?rest_route=%2Fwp%2Fv2%2Fmedia&parent=75"}],"wp:term":[{"taxonomy":"category","embeddable":true,"href":"http:\/\/projekt-augenzeugen.de\/index.php?rest_route=%2Fwp%2Fv2%2Fcategories&post=75"},{"taxonomy":"post_tag","embeddable":true,"href":"http:\/\/projekt-augenzeugen.de\/index.php?rest_route=%2Fwp%2Fv2%2Ftags&post=75"}],"curies":[{"name":"wp","href":"https:\/\/api.w.org\/{rel}","templated":true}]}}