{"id":78,"date":"2020-11-01T15:14:37","date_gmt":"2020-11-01T14:14:37","guid":{"rendered":"http:\/\/projekt-augenzeugen.de\/?p=78"},"modified":"2020-11-01T15:14:37","modified_gmt":"2020-11-01T14:14:37","slug":"interview-elfi-bindemann","status":"publish","type":"post","link":"http:\/\/projekt-augenzeugen.de\/?p=78","title":{"rendered":"Interview: Elfi Bindemann"},"content":{"rendered":"\n<p>Elfi Bindemann war in ihrem Leben Vieles: K\u00fcnstlerin, Krankenschwester, Hundebesitzerin,&#8230;<\/p>\n\n\n\n<p>In ihrem Gespr\u00e4ch mit Sabine Hartmann spricht sie \u00fcber ihr Leben beginnend im Saarland, \u00fcber Hamburg, Portugal und letztendlich bis nach Sibbesse. <\/p>\n\n\n\n<figure class=\"wp-block-audio\"><audio controls src=\"http:\/\/projekt-augenzeugen.de\/wp-content\/uploads\/2020\/11\/001_Elfi_lang.mp3\"><\/audio><\/figure>\n\n\n\n<p><\/p>\n","protected":false},"excerpt":{"rendered":"<p>Elfi Bindemann war in ihrem Leben Vieles: K\u00fcnstlerin, Krankenschwester, Hundebesitzerin,&#8230; In ihrem Gespr\u00e4ch mit Sabine Hartmann spricht sie \u00fcber ihr Leben beginnend im Saarland, \u00fcber Hamburg, Portugal und letztendlich bis nach Sibbesse.<\/p>\n","protected":false},"author":1,"featured_media":0,"comment_status":"closed","ping_status":"closed","sticky":false,"template":"","format":"standard","meta":{"footnotes":""},"categories":[18],"tags":[19,20,24,26,23,22,21,25],"class_list":["post-78","post","type-post","status-publish","format-standard","hentry","category-interview","tag-elfi-bindemann","tag-krankenschwester","tag-kunst","tag-malen","tag-portugal","tag-saarland","tag-sibbesse","tag-toepfern"],"jetpack_featured_media_url":"","_links":{"self":[{"href":"http:\/\/projekt-augenzeugen.de\/index.php?rest_route=\/wp\/v2\/posts\/78","targetHints":{"allow":["GET"]}}],"collection":[{"href":"http:\/\/projekt-augenzeugen.de\/index.php?rest_route=\/wp\/v2\/posts"}],"about":[{"href":"http:\/\/projekt-augenzeugen.de\/index.php?rest_route=\/wp\/v2\/types\/post"}],"author":[{"embeddable":true,"href":"http:\/\/projekt-augenzeugen.de\/index.php?rest_route=\/wp\/v2\/users\/1"}],"replies":[{"embeddable":true,"href":"http:\/\/projekt-augenzeugen.de\/index.php?rest_route=%2Fwp%2Fv2%2Fcomments&post=78"}],"version-history":[{"count":2,"href":"http:\/\/projekt-augenzeugen.de\/index.php?rest_route=\/wp\/v2\/posts\/78\/revisions"}],"predecessor-version":[{"id":84,"href":"http:\/\/projekt-augenzeugen.de\/index.php?rest_route=\/wp\/v2\/posts\/78\/revisions\/84"}],"wp:attachment":[{"href":"http:\/\/projekt-augenzeugen.de\/index.php?rest_route=%2Fwp%2Fv2%2Fmedia&parent=78"}],"wp:term":[{"taxonomy":"category","embeddable":true,"href":"http:\/\/projekt-augenzeugen.de\/index.php?rest_route=%2Fwp%2Fv2%2Fcategories&post=78"},{"taxonomy":"post_tag","embeddable":true,"href":"http:\/\/projekt-augenzeugen.de\/index.php?rest_route=%2Fwp%2Fv2%2Ftags&post=78"}],"curies":[{"name":"wp","href":"https:\/\/api.w.org\/{rel}","templated":true}]}}